{"id":197,"date":"2022-11-23T23:21:28","date_gmt":"2022-11-23T20:21:28","guid":{"rendered":"https:\/\/thewebdesign.site\/?p=197"},"modified":"2023-02-26T18:04:09","modified_gmt":"2023-02-26T15:04:09","slug":"pasifikrafeuroshop2023","status":"publish","type":"post","link":"https:\/\/pasifikraf.com.tr\/de\/2022\/11\/23\/pasifikrafeuroshop2023\/","title":{"rendered":"Pasifik Raf auf der Euroshop 2023!"},"content":{"rendered":"<p>Auf der Messe, die vom 26. Februar bis zum 2. M\u00e4rz 2023 in D\u00fcsseldorf stattfindet, geh\u00f6ren wir zu den f\u00fchrenden Marken der Retail-Branche.<br \/>\nUnsere Einrichtung f\u00fchrt ihre Aktivit\u00e4ten in ihrem Verwaltungszentrum in Istanbul und zwei Produktionsst\u00e4tten mit einer Gesamtfl\u00e4che von 20.000 m2 durch. W\u00e4hrend es mit seinen innovativen L\u00f6sungen f\u00fcr Regalsysteme und Displayelemente Dienstleistungen f\u00fcr multinationale Handelsmarken in der T\u00fcrkei anbietet, hat es andererseits seinen Erfolg auf dem Inlandsmarkt sowie im Bereich des Exports unter Beweis gestellt und bereits einen gro\u00dfen Teil seiner Produktion exportiert in 80 verschiedene L\u00e4nder.<br \/>\nUnser Unternehmen, das seine T\u00e4tigkeitsbereiche parallel zur Entwicklung des Einzelhandelssektors entwickelt hat, hat seit seiner Gr\u00fcndung zahlreiche Erfolge und innovative L\u00f6sungen erzielt.<br \/>\nBesuchen Sie unseren Stand auf der Euroshop 2023, um uns n\u00e4her kennen zu lernen und Unterst\u00fctzung bei unseren speziellen L\u00f6sungen f\u00fcr Ihr Gesch\u00e4ft zu erhalten.<br \/>\nEuroshop 2023<br \/>\nHall10 \u2013 10D54<\/p>\n","protected":false},"excerpt":{"rendered":"<p>Auf der Messe, die vom 26. Februar bis zum 2. M\u00e4rz 2023 in D\u00fcsseldorf stattfindet, geh\u00f6ren wir zu den f\u00fchrenden Marken der Retail-Branche. Unsere Einrichtung f\u00fchrt ihre Aktivit\u00e4ten in ihrem Verwaltungszentrum in Istanbul und zwei Produktionsst\u00e4tten mit einer Gesamtfl\u00e4che von 20.000 m2 durch. W\u00e4hrend es mit seinen innovativen L\u00f6sungen f\u00fcr Regalsysteme und Displayelemente Dienstleistungen f\u00fcr [&hellip;]<\/p>\n","protected":false},"author":1,"featured_media":984,"comment_status":"open","ping_status":"open","sticky":false,"template":"","format":"standard","meta":[],"categories":[2],"tags":[],"post_folder":[],"_links":{"self":[{"href":"https:\/\/pasifikraf.com.tr\/de\/wp-json\/wp\/v2\/posts\/197"}],"collection":[{"href":"https:\/\/pasifikraf.com.tr\/de\/wp-json\/wp\/v2\/posts"}],"about":[{"href":"https:\/\/pasifikraf.com.tr\/de\/wp-json\/wp\/v2\/types\/post"}],"author":[{"embeddable":true,"href":"https:\/\/pasifikraf.com.tr\/de\/wp-json\/wp\/v2\/users\/1"}],"replies":[{"embeddable":true,"href":"https:\/\/pasifikraf.com.tr\/de\/wp-json\/wp\/v2\/comments?post=197"}],"version-history":[{"count":1,"href":"https:\/\/pasifikraf.com.tr\/de\/wp-json\/wp\/v2\/posts\/197\/revisions"}],"predecessor-version":[{"id":1478,"href":"https:\/\/pasifikraf.com.tr\/de\/wp-json\/wp\/v2\/posts\/197\/revisions\/1478"}],"wp:featuredmedia":[{"embeddable":true,"href":"https:\/\/pasifikraf.com.tr\/de\/wp-json\/wp\/v2\/media\/984"}],"wp:attachment":[{"href":"https:\/\/pasifikraf.com.tr\/de\/wp-json\/wp\/v2\/media?parent=197"}],"wp:term":[{"taxonomy":"category","embeddable":true,"href":"https:\/\/pasifikraf.com.tr\/de\/wp-json\/wp\/v2\/categories?post=197"},{"taxonomy":"post_tag","embeddable":true,"href":"https:\/\/pasifikraf.com.tr\/de\/wp-json\/wp\/v2\/tags?post=197"},{"taxonomy":"post_folder","embeddable":true,"href":"https:\/\/pasifikraf.com.tr\/de\/wp-json\/wp\/v2\/post_folder?post=197"}],"curies":[{"name":"wp","href":"https:\/\/api.w.org\/{rel}","templated":true}]}}