{"id":1556,"date":"2023-03-07T20:22:36","date_gmt":"2023-03-07T20:22:36","guid":{"rendered":"https:\/\/pasifikraf.com.tr\/tr\/?p=1556"},"modified":"2023-03-07T21:55:12","modified_gmt":"2023-03-07T21:55:12","slug":"euroshop-pasifikraf","status":"publish","type":"post","link":"https:\/\/pasifikraf.com.tr\/tr\/blog\/2023\/03\/07\/euroshop-pasifikraf\/","title":{"rendered":"Euroshop 2023"},"content":{"rendered":"<p>Pasifik Raf Sistemleri olarak perakende sekt\u00f6r\u00fcn\u00fcn \u00f6nde gelen firmalar\u0131n\u0131n yer ald\u0131\u011f\u0131 Euroshop 2023\u2019te ziyaret\u00e7ilerimizle bulu\u015fman\u0131n mutlulu\u011funu ya\u015fad\u0131k.<\/p>\n<p>Ma\u011faza ve raf dizayn\u0131ndaki y\u00fcksek tecr\u00fcbemizi ve yarat\u0131c\u0131 \u00e7\u00f6z\u00fcmlerimizi payla\u015fma imkan\u0131 buldu\u011fumuz fuar s\u00fcresince d\u00fcnyan\u0131n d\u00f6rt bir yan\u0131ndan gelen kat\u0131l\u0131mc\u0131lar\u0131 a\u011f\u0131rlad\u0131k. Gerek \u00fclkemizin kalk\u0131nmas\u0131na katk\u0131 sa\u011flamak, gerekse tecr\u00fcbemizin kar\u015f\u0131l\u0131k bulmas\u0131 ad\u0131na fazlas\u0131yla \u00f6nemsedi\u011fimiz ihracat a\u011f\u0131m\u0131z\u0131 geni\u015flettik.<\/p>\n<p><strong>Binlerce Stant Aras\u0131nda \u0130lk 50<\/strong><br \/>\nAlan\u0131nda uzman kreatif mimarlar\u0131m\u0131z taraf\u0131ndan tasarlanan stand\u0131m\u0131z 1500 stant aras\u0131nda Euroshop Magazin\u2019in en iyi 50 stant listesine girmeye hak kazand\u0131. Ziyaret\u00e7ilerimizin yo\u011fun ilgisini toplayan stand\u0131m\u0131zda \u00f6zel \u00fcretim konseptlerimizin de g\u00f6sterimi yap\u0131ld\u0131.<\/p>\n<p><a class=\"btn btn-primary button-alt\" href=\"https:\/\/pasifikraf.com.tr\/tr\/galeri\/euroshop-2023\/\">Galeriye Git<\/a><\/p>\n","protected":false},"excerpt":{"rendered":"<p>Pasifik Raf Sistemleri olarak perakende sekt\u00f6r\u00fcn\u00fcn \u00f6nde gelen firmalar\u0131n\u0131n yer ald\u0131\u011f\u0131 Euroshop 2023\u2019te ziyaret\u00e7ilerimizle bulu\u015fman\u0131n mutlulu\u011funu ya\u015fad\u0131k. Ma\u011faza ve raf dizayn\u0131ndaki y\u00fcksek tecr\u00fcbemizi ve yarat\u0131c\u0131 \u00e7\u00f6z\u00fcmlerimizi payla\u015fma imkan\u0131 buldu\u011fumuz fuar s\u00fcresince d\u00fcnyan\u0131n d\u00f6rt bir yan\u0131ndan gelen kat\u0131l\u0131mc\u0131lar\u0131 a\u011f\u0131rlad\u0131k. Gerek \u00fclkemizin kalk\u0131nmas\u0131na katk\u0131 sa\u011flamak, gerekse tecr\u00fcbemizin kar\u015f\u0131l\u0131k bulmas\u0131 ad\u0131na fazlas\u0131yla \u00f6nemsedi\u011fimiz ihracat a\u011f\u0131m\u0131z\u0131 geni\u015flettik. Binlerce Stant [&hellip;]<\/p>\n","protected":false},"author":1,"featured_media":1560,"comment_status":"open","ping_status":"open","sticky":false,"template":"","format":"standard","meta":[],"categories":[2],"tags":[],"post_folder":[],"_links":{"self":[{"href":"https:\/\/pasifikraf.com.tr\/tr\/wp-json\/wp\/v2\/posts\/1556"}],"collection":[{"href":"https:\/\/pasifikraf.com.tr\/tr\/wp-json\/wp\/v2\/posts"}],"about":[{"href":"https:\/\/pasifikraf.com.tr\/tr\/wp-json\/wp\/v2\/types\/post"}],"author":[{"embeddable":true,"href":"https:\/\/pasifikraf.com.tr\/tr\/wp-json\/wp\/v2\/users\/1"}],"replies":[{"embeddable":true,"href":"https:\/\/pasifikraf.com.tr\/tr\/wp-json\/wp\/v2\/comments?post=1556"}],"version-history":[{"count":4,"href":"https:\/\/pasifikraf.com.tr\/tr\/wp-json\/wp\/v2\/posts\/1556\/revisions"}],"predecessor-version":[{"id":1587,"href":"https:\/\/pasifikraf.com.tr\/tr\/wp-json\/wp\/v2\/posts\/1556\/revisions\/1587"}],"wp:featuredmedia":[{"embeddable":true,"href":"https:\/\/pasifikraf.com.tr\/tr\/wp-json\/wp\/v2\/media\/1560"}],"wp:attachment":[{"href":"https:\/\/pasifikraf.com.tr\/tr\/wp-json\/wp\/v2\/media?parent=1556"}],"wp:term":[{"taxonomy":"category","embeddable":true,"href":"https:\/\/pasifikraf.com.tr\/tr\/wp-json\/wp\/v2\/categories?post=1556"},{"taxonomy":"post_tag","embeddable":true,"href":"https:\/\/pasifikraf.com.tr\/tr\/wp-json\/wp\/v2\/tags?post=1556"},{"taxonomy":"post_folder","embeddable":true,"href":"https:\/\/pasifikraf.com.tr\/tr\/wp-json\/wp\/v2\/post_folder?post=1556"}],"curies":[{"name":"wp","href":"https:\/\/api.w.org\/{rel}","templated":true}]}}