{"id":197,"date":"2022-11-23T23:21:28","date_gmt":"2022-11-23T20:21:28","guid":{"rendered":"https:\/\/thewebdesign.site\/?p=197"},"modified":"2022-11-23T23:21:28","modified_gmt":"2022-11-23T20:21:28","slug":"market-raf-duzeni-nasil-olmali","status":"publish","type":"post","link":"https:\/\/pasifikraf.com.tr\/tr\/blog\/2022\/11\/23\/market-raf-duzeni-nasil-olmali\/","title":{"rendered":"Pasifik Raf  Euroshop 2023&#8217;te!"},"content":{"rendered":"<p>26 \u015eubat &#8211; 2 Mart 2023 tarihleri \u200b\u200baras\u0131nda D\u00fcsseldorf, Almanya&#8217;da d\u00fczenlenecek ticaret fuar\u0131nda perakende sekt\u00f6r\u00fcn\u00fcn \u00f6nc\u00fc markalar\u0131n\u0131n aras\u0131nda biz de var\u0131z.<\/p>\n<p>Faaliyetlerini \u0130stanbul\u2019da yer alan y\u00f6netim merkezi ve toplam 20.000m2 b\u00fcy\u00fckl\u00fc\u011f\u00fcndeki iki \u00fcretim tesisinde s\u00fcrd\u00fcren kurulu\u015fumuz, yenilik\u00e7i raf sistemi ve te\u015fhir elemanlar\u0131 \u00e7\u00f6z\u00fcmleri ile bir yandan T\u00fcrkiye\u2019deki \u00e7ok uluslu perakendecilik markalar\u0131na hizmet verirken, di\u011fer yandan yurt i\u00e7indeki ba\u015far\u0131s\u0131n\u0131 ihracat alan\u0131nda da g\u00f6stermi\u015f ve h\u00e2lihaz\u0131rda \u00fcretiminin b\u00fcy\u00fck bir b\u00f6l\u00fcm\u00fcn\u00fc, 80 farkl\u0131 \u00fclkeye ihra\u00e7 eder konuma gelmi\u015ftir.<\/p>\n<p>Parakendecilik sekt\u00f6r\u00fcn\u00fcn geli\u015fimine paralel olarak faaliyet alanlar\u0131n\u0131 geli\u015ftiren firmam\u0131z, kuruldu\u011fu g\u00fcnden itibaren say\u0131s\u0131z ba\u015far\u0131lara ve inovatif \u00e7\u00f6z\u00fcmlere imza atm\u0131\u015ft\u0131r.<\/p>\n<p>Bizi yak\u0131ndan tan\u0131mak i\u00e7in Euroshop 2023&#8217;te stand\u0131m\u0131z\u0131 ziyaret edebilir, ma\u011fazan\u0131za \u00f6zel \u00e7\u00f6z\u00fcmlerimizle ilgili destek alabilirsiniz.<\/p>\n<p>Euroshop 2023<\/p>\n<p>Hall10\u00a0 &#8211;\u00a0 10D54<\/p>\n","protected":false},"excerpt":{"rendered":"<p>26 \u015eubat &#8211; 2 Mart 2023 tarihleri \u200b\u200baras\u0131nda D\u00fcsseldorf, Almanya&#8217;da d\u00fczenlenecek ticaret fuar\u0131nda perakende sekt\u00f6r\u00fcn\u00fcn \u00f6nc\u00fc markalar\u0131n\u0131n aras\u0131nda biz de var\u0131z. Faaliyetlerini \u0130stanbul\u2019da yer alan y\u00f6netim merkezi ve toplam 20.000m2 b\u00fcy\u00fckl\u00fc\u011f\u00fcndeki iki \u00fcretim tesisinde s\u00fcrd\u00fcren kurulu\u015fumuz, yenilik\u00e7i raf sistemi ve te\u015fhir elemanlar\u0131 \u00e7\u00f6z\u00fcmleri ile bir yandan T\u00fcrkiye\u2019deki \u00e7ok uluslu perakendecilik markalar\u0131na hizmet verirken, di\u011fer yandan [&hellip;]<\/p>\n","protected":false},"author":1,"featured_media":984,"comment_status":"open","ping_status":"open","sticky":false,"template":"","format":"standard","meta":[],"categories":[2],"tags":[],"post_folder":[],"_links":{"self":[{"href":"https:\/\/pasifikraf.com.tr\/tr\/wp-json\/wp\/v2\/posts\/197"}],"collection":[{"href":"https:\/\/pasifikraf.com.tr\/tr\/wp-json\/wp\/v2\/posts"}],"about":[{"href":"https:\/\/pasifikraf.com.tr\/tr\/wp-json\/wp\/v2\/types\/post"}],"author":[{"embeddable":true,"href":"https:\/\/pasifikraf.com.tr\/tr\/wp-json\/wp\/v2\/users\/1"}],"replies":[{"embeddable":true,"href":"https:\/\/pasifikraf.com.tr\/tr\/wp-json\/wp\/v2\/comments?post=197"}],"version-history":[{"count":0,"href":"https:\/\/pasifikraf.com.tr\/tr\/wp-json\/wp\/v2\/posts\/197\/revisions"}],"wp:featuredmedia":[{"embeddable":true,"href":"https:\/\/pasifikraf.com.tr\/tr\/wp-json\/wp\/v2\/media\/984"}],"wp:attachment":[{"href":"https:\/\/pasifikraf.com.tr\/tr\/wp-json\/wp\/v2\/media?parent=197"}],"wp:term":[{"taxonomy":"category","embeddable":true,"href":"https:\/\/pasifikraf.com.tr\/tr\/wp-json\/wp\/v2\/categories?post=197"},{"taxonomy":"post_tag","embeddable":true,"href":"https:\/\/pasifikraf.com.tr\/tr\/wp-json\/wp\/v2\/tags?post=197"},{"taxonomy":"post_folder","embeddable":true,"href":"https:\/\/pasifikraf.com.tr\/tr\/wp-json\/wp\/v2\/post_folder?post=197"}],"curies":[{"name":"wp","href":"https:\/\/api.w.org\/{rel}","templated":true}]}}